{"id":962,"date":"2024-07-16T11:38:48","date_gmt":"2024-07-16T11:38:48","guid":{"rendered":"https:\/\/rvz-wesermarsch.de\/?p=962"},"modified":"2025-06-16T14:25:00","modified_gmt":"2025-06-16T14:25:00","slug":"wir-suchen-facharzte-m-w-d-fur-allgemeinmedizin-oder-innere-medizin","status":"publish","type":"post","link":"https:\/\/rvz-wesermarsch.de\/index.php\/2024\/07\/16\/wir-suchen-facharzte-m-w-d-fur-allgemeinmedizin-oder-innere-medizin\/","title":{"rendered":"WIR SUCHEN Fach\u00e4rzte (m\/w\/d) f\u00fcr Allgemeinmedizin oder Innere Medizin"},"content":{"rendered":"\n<p>F\u00fcr die Hausarztpraxis im Regionalen Versorgungszentrum Wesermarsch-Nord in<br>Nordenham suchen wir<\/p>\n\n\n\n<p class=\"has-text-color has-x-large-font-size\" style=\"color:#e4022e\">Fach\u00e4rzte (m\/w\/d) f\u00fcr Allgemeinmedizin oder Innere Medizin.<\/p>\n\n\n\n<p>Wir suchen \u00c4rztinnen\/\u00c4rzte in Voll- oder Teilzeit mit der F\u00e4higkeit zum einf\u00fchlsamen<br>zielgerichteten Umgang mit Kindern, Jugendlichen und Erwachsenen, hoher<br>Leistungsmotivation, Kontaktfreudigkeit, Kreativit\u00e4t und der Bereitschaft, eigenst\u00e4ndig und<br>eigeninitiativ im Team der Hausarztpraxis zu arbeiten.<\/p>\n\n\n\n<p>Wir bieten Ihnen einen interessanten und verantwortungsvollen Aufgabenbereich, flexible<br>Arbeitszeiten, au\u00dfertarifliche Verg\u00fctung, gute Vereinbarkeit von Familie und Beruf und<br>vieles mehr!<\/p>\n\n\n\n<p>Die Stadt Nordenham liegt im Norden der Wesermarsch. Mit seinen rd. 90.000 Einwohnern<br>und 822 km\u00b2 Fl\u00e4che ist der Landkreis Wesermarsch ein zukunftsorientierter<br>Investitionsstandort am seeschifftiefen Wasser mit den Schwerpunktbranchen<br>\u201eLuftfahrzeugbau\u201c, \u201eSpezialschiffbau\u201c und \u201eMaritime Wirtschaft\u201c. Mit seiner l\u00e4ndlichen<br>Pr\u00e4gung verf\u00fcgt er bundesweit \u00fcber das gr\u00f6\u00dfte zusammenh\u00e4ngende Gr\u00fcnlandgebiet mit<br>einer hochproduktiven Milchwirtschaft und aufstrebendem Tourismus im Umfeld der vier<br>Oberzentren Bremen, Bremerhaven, Oldenburg und Wilhelmshaven. Zwischen Nordsee,<br>Jadebusen und Weser gelegen umfasst der Landkreis sechs Gemeinden und drei St\u00e4dte.<br>Mehr \u00fcber die Wesermarsch erfahren Sie unter <a href=\"http:\/\/www.wesermarsch-kann-mehr.de\">www.wesermarsch-kann-mehr.de<\/a><br>Bei Interesse erhalten Sie weitere Ausk\u00fcnfte bei Frau Nestler (Tel.: 04401\/927-720) oder<br>Herrn Blohm (Tel. 04401\/927-512).<\/p>\n\n\n\n<p>Wenn Sie die Voraussetzungen erf\u00fcllen und Interesse an dieser anspruchsvollen T\u00e4tigkeit<br>haben, dann senden Sie Ihre aussagekr\u00e4ftige Bewerbung mit den \u00fcblichen Unterlagen an:<\/p>\n\n\n\n<p class=\"has-background\" style=\"background-color:#edf1ef\"><strong>Medizinisches Versorgungszentrum<br>Wesermarsch-Nord GmbH<\/strong><br>Gesch\u00e4ftsf\u00fchrung<br>Ilsestra\u00dfe 15, 26954 Nordenham<br>oder ganz einfach unter <a href=\"mailto:info@rvz-wesermarsch.de\">info@rvz-wesermarsch.de<\/a><\/p>\n","protected":false},"excerpt":{"rendered":"<p>F\u00fcr die Hausarztpraxis im Regionalen Versorgungszentrum Wesermarsch-Nord inNordenham suchen wir Fach\u00e4rzte (m\/w\/d) f\u00fcr Allgemeinmedizin oder Innere Medizin. Wir suchen \u00c4rztinnen\/\u00c4rzte in Voll- oder Teilzeit mit der F\u00e4higkeit zum einf\u00fchlsamenzielgerichteten Umgang mit Kindern, Jugendlichen und Erwachsenen, hoherLeistungsmotivation, Kontaktfreudigkeit, Kreativit\u00e4t und der Bereitschaft, eigenst\u00e4ndig undeigeninitiativ im Team der Hausarztpraxis zu arbeiten. Wir bieten Ihnen einen interessanten und [&hellip;]<\/p>\n","protected":false},"author":2,"featured_media":582,"comment_status":"open","ping_status":"open","sticky":false,"template":"","format":"standard","meta":{"footnotes":""},"categories":[4],"tags":[],"class_list":["post-962","post","type-post","status-publish","format-standard","has-post-thumbnail","hentry","category-jobs"],"yoast_head":"<!-- This site is optimized with the Yoast SEO plugin v27.1.1 - https:\/\/yoast.com\/product\/yoast-seo-wordpress\/ -->\n<title>WIR SUCHEN Fach\u00e4rzte (m\/w\/d) f\u00fcr Allgemeinmedizin oder Innere Medizin - RVZ Wesermarsch-Nord<\/title>\n<meta name=\"description\" content=\"Wir suchen \u00c4rztinnen\/\u00c4rzte in Voll oder Teilzeit mit der F\u00e4higkeit zum einfu\u0308hlsamen zielgerichteten Umgang mit Kindern, Jugendlichen und Erwachsenen, hoherLeistungsmotivation, Kontaktfreudigkeit, Kreativit\u00e4t und der Bereitschaft, eigenst\u00e4ndig und eigeninitiativ im Team der Hausarztpraxis zu arbeiten.Wir bieten Ihnen einen interessanten und verantwortungsvollen Aufgabenbereich, flexibleArbeitszeiten, au\u00dfertarifliche Vergu\u0308tung, gute Vereinbarkeit von Familie und Beruf und vieles mehr!\" \/>\n<meta name=\"robots\" content=\"index, follow, max-snippet:-1, max-image-preview:large, max-video-preview:-1\" \/>\n<link rel=\"canonical\" href=\"https:\/\/rvz-wesermarsch.de\/index.php\/2024\/07\/16\/wir-suchen-facharzte-m-w-d-fur-allgemeinmedizin-oder-innere-medizin\/\" \/>\n<meta property=\"og:locale\" content=\"de_DE\" \/>\n<meta property=\"og:type\" content=\"article\" \/>\n<meta property=\"og:title\" content=\"WIR SUCHEN Fach\u00e4rzte (m\/w\/d) f\u00fcr Allgemeinmedizin oder Innere Medizin - RVZ Wesermarsch-Nord\" \/>\n<meta property=\"og:description\" content=\"Wir suchen \u00c4rztinnen\/\u00c4rzte in Voll oder Teilzeit mit der F\u00e4higkeit zum einfu\u0308hlsamen zielgerichteten Umgang mit Kindern, Jugendlichen und Erwachsenen, hoherLeistungsmotivation, Kontaktfreudigkeit, Kreativit\u00e4t und der Bereitschaft, eigenst\u00e4ndig und eigeninitiativ im Team der Hausarztpraxis zu arbeiten.Wir bieten Ihnen einen interessanten und verantwortungsvollen Aufgabenbereich, flexibleArbeitszeiten, au\u00dfertarifliche Vergu\u0308tung, gute Vereinbarkeit von Familie und Beruf und vieles mehr!\" \/>\n<meta property=\"og:url\" content=\"https:\/\/rvz-wesermarsch.de\/index.php\/2024\/07\/16\/wir-suchen-facharzte-m-w-d-fur-allgemeinmedizin-oder-innere-medizin\/\" \/>\n<meta property=\"og:site_name\" content=\"RVZ Wesermarsch-Nord\" \/>\n<meta property=\"article:published_time\" content=\"2024-07-16T11:38:48+00:00\" \/>\n<meta property=\"article:modified_time\" content=\"2025-06-16T14:25:00+00:00\" \/>\n<meta property=\"og:image\" content=\"http:\/\/rvz-wesermarsch.de\/wp-content\/uploads\/2022\/05\/header_hausarztpraxis_2.jpg\" \/>\n\t<meta property=\"og:image:width\" content=\"2000\" \/>\n\t<meta property=\"og:image:height\" content=\"1335\" \/>\n\t<meta property=\"og:image:type\" content=\"image\/jpeg\" \/>\n<meta name=\"author\" content=\"jn\" \/>\n<meta name=\"twitter:card\" content=\"summary_large_image\" \/>\n<meta name=\"twitter:label1\" content=\"Verfasst von\" \/>\n\t<meta name=\"twitter:data1\" content=\"jn\" \/>\n\t<meta name=\"twitter:label2\" content=\"Gesch\u00e4tzte Lesezeit\" \/>\n\t<meta name=\"twitter:data2\" content=\"2\u00a0Minuten\" \/>\n<script type=\"application\/ld+json\" class=\"yoast-schema-graph\">{\"@context\":\"https:\/\/schema.org\",\"@graph\":[{\"@type\":\"Article\",\"@id\":\"https:\/\/rvz-wesermarsch.de\/index.php\/2024\/07\/16\/wir-suchen-facharzte-m-w-d-fur-allgemeinmedizin-oder-innere-medizin\/#article\",\"isPartOf\":{\"@id\":\"https:\/\/rvz-wesermarsch.de\/index.php\/2024\/07\/16\/wir-suchen-facharzte-m-w-d-fur-allgemeinmedizin-oder-innere-medizin\/\"},\"author\":{\"name\":\"jn\",\"@id\":\"https:\/\/rvz-wesermarsch.de\/#\/schema\/person\/4a36bb05c0f267460c186e9cae78530f\"},\"headline\":\"WIR SUCHEN Fach\u00e4rzte (m\/w\/d) f\u00fcr Allgemeinmedizin oder Innere Medizin\",\"datePublished\":\"2024-07-16T11:38:48+00:00\",\"dateModified\":\"2025-06-16T14:25:00+00:00\",\"mainEntityOfPage\":{\"@id\":\"https:\/\/rvz-wesermarsch.de\/index.php\/2024\/07\/16\/wir-suchen-facharzte-m-w-d-fur-allgemeinmedizin-oder-innere-medizin\/\"},\"wordCount\":237,\"commentCount\":0,\"publisher\":{\"@id\":\"https:\/\/rvz-wesermarsch.de\/#organization\"},\"image\":{\"@id\":\"https:\/\/rvz-wesermarsch.de\/index.php\/2024\/07\/16\/wir-suchen-facharzte-m-w-d-fur-allgemeinmedizin-oder-innere-medizin\/#primaryimage\"},\"thumbnailUrl\":\"https:\/\/rvz-wesermarsch.de\/wp-content\/uploads\/2022\/05\/header_hausarztpraxis_2.jpg\",\"articleSection\":[\"Jobs\"],\"inLanguage\":\"de\",\"potentialAction\":[{\"@type\":\"CommentAction\",\"name\":\"Comment\",\"target\":[\"https:\/\/rvz-wesermarsch.de\/index.php\/2024\/07\/16\/wir-suchen-facharzte-m-w-d-fur-allgemeinmedizin-oder-innere-medizin\/#respond\"]}]},{\"@type\":\"WebPage\",\"@id\":\"https:\/\/rvz-wesermarsch.de\/index.php\/2024\/07\/16\/wir-suchen-facharzte-m-w-d-fur-allgemeinmedizin-oder-innere-medizin\/\",\"url\":\"https:\/\/rvz-wesermarsch.de\/index.php\/2024\/07\/16\/wir-suchen-facharzte-m-w-d-fur-allgemeinmedizin-oder-innere-medizin\/\",\"name\":\"WIR SUCHEN Fach\u00e4rzte (m\/w\/d) f\u00fcr Allgemeinmedizin oder Innere Medizin - RVZ Wesermarsch-Nord\",\"isPartOf\":{\"@id\":\"https:\/\/rvz-wesermarsch.de\/#website\"},\"primaryImageOfPage\":{\"@id\":\"https:\/\/rvz-wesermarsch.de\/index.php\/2024\/07\/16\/wir-suchen-facharzte-m-w-d-fur-allgemeinmedizin-oder-innere-medizin\/#primaryimage\"},\"image\":{\"@id\":\"https:\/\/rvz-wesermarsch.de\/index.php\/2024\/07\/16\/wir-suchen-facharzte-m-w-d-fur-allgemeinmedizin-oder-innere-medizin\/#primaryimage\"},\"thumbnailUrl\":\"https:\/\/rvz-wesermarsch.de\/wp-content\/uploads\/2022\/05\/header_hausarztpraxis_2.jpg\",\"datePublished\":\"2024-07-16T11:38:48+00:00\",\"dateModified\":\"2025-06-16T14:25:00+00:00\",\"description\":\"Wir suchen \u00c4rztinnen\/\u00c4rzte in Voll oder Teilzeit mit der F\u00e4higkeit zum einfu\u0308hlsamen zielgerichteten Umgang mit Kindern, Jugendlichen und Erwachsenen, hoherLeistungsmotivation, Kontaktfreudigkeit, Kreativit\u00e4t und der Bereitschaft, eigenst\u00e4ndig und eigeninitiativ im Team der Hausarztpraxis zu arbeiten.Wir bieten Ihnen einen interessanten und verantwortungsvollen Aufgabenbereich, flexibleArbeitszeiten, au\u00dfertarifliche Vergu\u0308tung, gute Vereinbarkeit von Familie und Beruf und vieles mehr!\",\"breadcrumb\":{\"@id\":\"https:\/\/rvz-wesermarsch.de\/index.php\/2024\/07\/16\/wir-suchen-facharzte-m-w-d-fur-allgemeinmedizin-oder-innere-medizin\/#breadcrumb\"},\"inLanguage\":\"de\",\"potentialAction\":[{\"@type\":\"ReadAction\",\"target\":[\"https:\/\/rvz-wesermarsch.de\/index.php\/2024\/07\/16\/wir-suchen-facharzte-m-w-d-fur-allgemeinmedizin-oder-innere-medizin\/\"]}]},{\"@type\":\"ImageObject\",\"inLanguage\":\"de\",\"@id\":\"https:\/\/rvz-wesermarsch.de\/index.php\/2024\/07\/16\/wir-suchen-facharzte-m-w-d-fur-allgemeinmedizin-oder-innere-medizin\/#primaryimage\",\"url\":\"https:\/\/rvz-wesermarsch.de\/wp-content\/uploads\/2022\/05\/header_hausarztpraxis_2.jpg\",\"contentUrl\":\"https:\/\/rvz-wesermarsch.de\/wp-content\/uploads\/2022\/05\/header_hausarztpraxis_2.jpg\",\"width\":2000,\"height\":1335},{\"@type\":\"BreadcrumbList\",\"@id\":\"https:\/\/rvz-wesermarsch.de\/index.php\/2024\/07\/16\/wir-suchen-facharzte-m-w-d-fur-allgemeinmedizin-oder-innere-medizin\/#breadcrumb\",\"itemListElement\":[{\"@type\":\"ListItem\",\"position\":1,\"name\":\"Startseite\",\"item\":\"https:\/\/rvz-wesermarsch.de\/\"},{\"@type\":\"ListItem\",\"position\":2,\"name\":\"WIR SUCHEN Fach\u00e4rzte (m\/w\/d) f\u00fcr Allgemeinmedizin oder Innere Medizin\"}]},{\"@type\":\"WebSite\",\"@id\":\"https:\/\/rvz-wesermarsch.de\/#website\",\"url\":\"https:\/\/rvz-wesermarsch.de\/\",\"name\":\"RVZ Wesermarsch-Nord\",\"description\":\"Ihr regionales Versorgungszentrum\",\"publisher\":{\"@id\":\"https:\/\/rvz-wesermarsch.de\/#organization\"},\"potentialAction\":[{\"@type\":\"SearchAction\",\"target\":{\"@type\":\"EntryPoint\",\"urlTemplate\":\"https:\/\/rvz-wesermarsch.de\/?s={search_term_string}\"},\"query-input\":{\"@type\":\"PropertyValueSpecification\",\"valueRequired\":true,\"valueName\":\"search_term_string\"}}],\"inLanguage\":\"de\"},{\"@type\":\"Organization\",\"@id\":\"https:\/\/rvz-wesermarsch.de\/#organization\",\"name\":\"Medizinisches Versorgungszentrum (MVZ) Wesermarsch-Nord GmbH\",\"url\":\"https:\/\/rvz-wesermarsch.de\/\",\"logo\":{\"@type\":\"ImageObject\",\"inLanguage\":\"de\",\"@id\":\"https:\/\/rvz-wesermarsch.de\/#\/schema\/logo\/image\/\",\"url\":\"https:\/\/rvz-wesermarsch.de\/wp-content\/uploads\/2022\/05\/B-MBE-20037_Logo_Regionales_Versorgungszentrum_WesermarschNord_RGB.png\",\"contentUrl\":\"https:\/\/rvz-wesermarsch.de\/wp-content\/uploads\/2022\/05\/B-MBE-20037_Logo_Regionales_Versorgungszentrum_WesermarschNord_RGB.png\",\"width\":8822,\"height\":3432,\"caption\":\"Medizinisches Versorgungszentrum (MVZ) Wesermarsch-Nord GmbH\"},\"image\":{\"@id\":\"https:\/\/rvz-wesermarsch.de\/#\/schema\/logo\/image\/\"}},{\"@type\":\"Person\",\"@id\":\"https:\/\/rvz-wesermarsch.de\/#\/schema\/person\/4a36bb05c0f267460c186e9cae78530f\",\"name\":\"jn\",\"image\":{\"@type\":\"ImageObject\",\"inLanguage\":\"de\",\"@id\":\"https:\/\/rvz-wesermarsch.de\/#\/schema\/person\/image\/\",\"url\":\"https:\/\/secure.gravatar.com\/avatar\/3bdb63e559e22afc3f3afdde640ddf0d1d680125186bc1c69f2fe409a5b49c06?s=96&d=mm&r=g\",\"contentUrl\":\"https:\/\/secure.gravatar.com\/avatar\/3bdb63e559e22afc3f3afdde640ddf0d1d680125186bc1c69f2fe409a5b49c06?s=96&d=mm&r=g\",\"caption\":\"jn\"},\"url\":\"https:\/\/rvz-wesermarsch.de\/index.php\/author\/jn\/\"}]}<\/script>\n<!-- \/ Yoast SEO plugin. -->","yoast_head_json":{"title":"WIR SUCHEN Fach\u00e4rzte (m\/w\/d) f\u00fcr Allgemeinmedizin oder Innere Medizin - RVZ Wesermarsch-Nord","description":"Wir suchen \u00c4rztinnen\/\u00c4rzte in Voll oder Teilzeit mit der F\u00e4higkeit zum einfu\u0308hlsamen zielgerichteten Umgang mit Kindern, Jugendlichen und Erwachsenen, hoherLeistungsmotivation, Kontaktfreudigkeit, Kreativit\u00e4t und der Bereitschaft, eigenst\u00e4ndig und eigeninitiativ im Team der Hausarztpraxis zu arbeiten.Wir bieten Ihnen einen interessanten und verantwortungsvollen Aufgabenbereich, flexibleArbeitszeiten, au\u00dfertarifliche Vergu\u0308tung, gute Vereinbarkeit von Familie und Beruf und vieles mehr!","robots":{"index":"index","follow":"follow","max-snippet":"max-snippet:-1","max-image-preview":"max-image-preview:large","max-video-preview":"max-video-preview:-1"},"canonical":"https:\/\/rvz-wesermarsch.de\/index.php\/2024\/07\/16\/wir-suchen-facharzte-m-w-d-fur-allgemeinmedizin-oder-innere-medizin\/","og_locale":"de_DE","og_type":"article","og_title":"WIR SUCHEN Fach\u00e4rzte (m\/w\/d) f\u00fcr Allgemeinmedizin oder Innere Medizin - RVZ Wesermarsch-Nord","og_description":"Wir suchen \u00c4rztinnen\/\u00c4rzte in Voll oder Teilzeit mit der F\u00e4higkeit zum einfu\u0308hlsamen zielgerichteten Umgang mit Kindern, Jugendlichen und Erwachsenen, hoherLeistungsmotivation, Kontaktfreudigkeit, Kreativit\u00e4t und der Bereitschaft, eigenst\u00e4ndig und eigeninitiativ im Team der Hausarztpraxis zu arbeiten.Wir bieten Ihnen einen interessanten und verantwortungsvollen Aufgabenbereich, flexibleArbeitszeiten, au\u00dfertarifliche Vergu\u0308tung, gute Vereinbarkeit von Familie und Beruf und vieles mehr!","og_url":"https:\/\/rvz-wesermarsch.de\/index.php\/2024\/07\/16\/wir-suchen-facharzte-m-w-d-fur-allgemeinmedizin-oder-innere-medizin\/","og_site_name":"RVZ Wesermarsch-Nord","article_published_time":"2024-07-16T11:38:48+00:00","article_modified_time":"2025-06-16T14:25:00+00:00","og_image":[{"width":2000,"height":1335,"url":"http:\/\/rvz-wesermarsch.de\/wp-content\/uploads\/2022\/05\/header_hausarztpraxis_2.jpg","type":"image\/jpeg"}],"author":"jn","twitter_card":"summary_large_image","twitter_misc":{"Verfasst von":"jn","Gesch\u00e4tzte Lesezeit":"2\u00a0Minuten"},"schema":{"@context":"https:\/\/schema.org","@graph":[{"@type":"Article","@id":"https:\/\/rvz-wesermarsch.de\/index.php\/2024\/07\/16\/wir-suchen-facharzte-m-w-d-fur-allgemeinmedizin-oder-innere-medizin\/#article","isPartOf":{"@id":"https:\/\/rvz-wesermarsch.de\/index.php\/2024\/07\/16\/wir-suchen-facharzte-m-w-d-fur-allgemeinmedizin-oder-innere-medizin\/"},"author":{"name":"jn","@id":"https:\/\/rvz-wesermarsch.de\/#\/schema\/person\/4a36bb05c0f267460c186e9cae78530f"},"headline":"WIR SUCHEN Fach\u00e4rzte (m\/w\/d) f\u00fcr Allgemeinmedizin oder Innere Medizin","datePublished":"2024-07-16T11:38:48+00:00","dateModified":"2025-06-16T14:25:00+00:00","mainEntityOfPage":{"@id":"https:\/\/rvz-wesermarsch.de\/index.php\/2024\/07\/16\/wir-suchen-facharzte-m-w-d-fur-allgemeinmedizin-oder-innere-medizin\/"},"wordCount":237,"commentCount":0,"publisher":{"@id":"https:\/\/rvz-wesermarsch.de\/#organization"},"image":{"@id":"https:\/\/rvz-wesermarsch.de\/index.php\/2024\/07\/16\/wir-suchen-facharzte-m-w-d-fur-allgemeinmedizin-oder-innere-medizin\/#primaryimage"},"thumbnailUrl":"https:\/\/rvz-wesermarsch.de\/wp-content\/uploads\/2022\/05\/header_hausarztpraxis_2.jpg","articleSection":["Jobs"],"inLanguage":"de","potentialAction":[{"@type":"CommentAction","name":"Comment","target":["https:\/\/rvz-wesermarsch.de\/index.php\/2024\/07\/16\/wir-suchen-facharzte-m-w-d-fur-allgemeinmedizin-oder-innere-medizin\/#respond"]}]},{"@type":"WebPage","@id":"https:\/\/rvz-wesermarsch.de\/index.php\/2024\/07\/16\/wir-suchen-facharzte-m-w-d-fur-allgemeinmedizin-oder-innere-medizin\/","url":"https:\/\/rvz-wesermarsch.de\/index.php\/2024\/07\/16\/wir-suchen-facharzte-m-w-d-fur-allgemeinmedizin-oder-innere-medizin\/","name":"WIR SUCHEN Fach\u00e4rzte (m\/w\/d) f\u00fcr Allgemeinmedizin oder Innere Medizin - RVZ Wesermarsch-Nord","isPartOf":{"@id":"https:\/\/rvz-wesermarsch.de\/#website"},"primaryImageOfPage":{"@id":"https:\/\/rvz-wesermarsch.de\/index.php\/2024\/07\/16\/wir-suchen-facharzte-m-w-d-fur-allgemeinmedizin-oder-innere-medizin\/#primaryimage"},"image":{"@id":"https:\/\/rvz-wesermarsch.de\/index.php\/2024\/07\/16\/wir-suchen-facharzte-m-w-d-fur-allgemeinmedizin-oder-innere-medizin\/#primaryimage"},"thumbnailUrl":"https:\/\/rvz-wesermarsch.de\/wp-content\/uploads\/2022\/05\/header_hausarztpraxis_2.jpg","datePublished":"2024-07-16T11:38:48+00:00","dateModified":"2025-06-16T14:25:00+00:00","description":"Wir suchen \u00c4rztinnen\/\u00c4rzte in Voll oder Teilzeit mit der F\u00e4higkeit zum einfu\u0308hlsamen zielgerichteten Umgang mit Kindern, Jugendlichen und Erwachsenen, hoherLeistungsmotivation, Kontaktfreudigkeit, Kreativit\u00e4t und der Bereitschaft, eigenst\u00e4ndig und eigeninitiativ im Team der Hausarztpraxis zu arbeiten.Wir bieten Ihnen einen interessanten und verantwortungsvollen Aufgabenbereich, flexibleArbeitszeiten, au\u00dfertarifliche Vergu\u0308tung, gute Vereinbarkeit von Familie und Beruf und vieles mehr!","breadcrumb":{"@id":"https:\/\/rvz-wesermarsch.de\/index.php\/2024\/07\/16\/wir-suchen-facharzte-m-w-d-fur-allgemeinmedizin-oder-innere-medizin\/#breadcrumb"},"inLanguage":"de","potentialAction":[{"@type":"ReadAction","target":["https:\/\/rvz-wesermarsch.de\/index.php\/2024\/07\/16\/wir-suchen-facharzte-m-w-d-fur-allgemeinmedizin-oder-innere-medizin\/"]}]},{"@type":"ImageObject","inLanguage":"de","@id":"https:\/\/rvz-wesermarsch.de\/index.php\/2024\/07\/16\/wir-suchen-facharzte-m-w-d-fur-allgemeinmedizin-oder-innere-medizin\/#primaryimage","url":"https:\/\/rvz-wesermarsch.de\/wp-content\/uploads\/2022\/05\/header_hausarztpraxis_2.jpg","contentUrl":"https:\/\/rvz-wesermarsch.de\/wp-content\/uploads\/2022\/05\/header_hausarztpraxis_2.jpg","width":2000,"height":1335},{"@type":"BreadcrumbList","@id":"https:\/\/rvz-wesermarsch.de\/index.php\/2024\/07\/16\/wir-suchen-facharzte-m-w-d-fur-allgemeinmedizin-oder-innere-medizin\/#breadcrumb","itemListElement":[{"@type":"ListItem","position":1,"name":"Startseite","item":"https:\/\/rvz-wesermarsch.de\/"},{"@type":"ListItem","position":2,"name":"WIR SUCHEN Fach\u00e4rzte (m\/w\/d) f\u00fcr Allgemeinmedizin oder Innere Medizin"}]},{"@type":"WebSite","@id":"https:\/\/rvz-wesermarsch.de\/#website","url":"https:\/\/rvz-wesermarsch.de\/","name":"RVZ Wesermarsch-Nord","description":"Ihr regionales Versorgungszentrum","publisher":{"@id":"https:\/\/rvz-wesermarsch.de\/#organization"},"potentialAction":[{"@type":"SearchAction","target":{"@type":"EntryPoint","urlTemplate":"https:\/\/rvz-wesermarsch.de\/?s={search_term_string}"},"query-input":{"@type":"PropertyValueSpecification","valueRequired":true,"valueName":"search_term_string"}}],"inLanguage":"de"},{"@type":"Organization","@id":"https:\/\/rvz-wesermarsch.de\/#organization","name":"Medizinisches Versorgungszentrum (MVZ) Wesermarsch-Nord GmbH","url":"https:\/\/rvz-wesermarsch.de\/","logo":{"@type":"ImageObject","inLanguage":"de","@id":"https:\/\/rvz-wesermarsch.de\/#\/schema\/logo\/image\/","url":"https:\/\/rvz-wesermarsch.de\/wp-content\/uploads\/2022\/05\/B-MBE-20037_Logo_Regionales_Versorgungszentrum_WesermarschNord_RGB.png","contentUrl":"https:\/\/rvz-wesermarsch.de\/wp-content\/uploads\/2022\/05\/B-MBE-20037_Logo_Regionales_Versorgungszentrum_WesermarschNord_RGB.png","width":8822,"height":3432,"caption":"Medizinisches Versorgungszentrum (MVZ) Wesermarsch-Nord GmbH"},"image":{"@id":"https:\/\/rvz-wesermarsch.de\/#\/schema\/logo\/image\/"}},{"@type":"Person","@id":"https:\/\/rvz-wesermarsch.de\/#\/schema\/person\/4a36bb05c0f267460c186e9cae78530f","name":"jn","image":{"@type":"ImageObject","inLanguage":"de","@id":"https:\/\/rvz-wesermarsch.de\/#\/schema\/person\/image\/","url":"https:\/\/secure.gravatar.com\/avatar\/3bdb63e559e22afc3f3afdde640ddf0d1d680125186bc1c69f2fe409a5b49c06?s=96&d=mm&r=g","contentUrl":"https:\/\/secure.gravatar.com\/avatar\/3bdb63e559e22afc3f3afdde640ddf0d1d680125186bc1c69f2fe409a5b49c06?s=96&d=mm&r=g","caption":"jn"},"url":"https:\/\/rvz-wesermarsch.de\/index.php\/author\/jn\/"}]}},"_links":{"self":[{"href":"https:\/\/rvz-wesermarsch.de\/index.php\/wp-json\/wp\/v2\/posts\/962","targetHints":{"allow":["GET"]}}],"collection":[{"href":"https:\/\/rvz-wesermarsch.de\/index.php\/wp-json\/wp\/v2\/posts"}],"about":[{"href":"https:\/\/rvz-wesermarsch.de\/index.php\/wp-json\/wp\/v2\/types\/post"}],"author":[{"embeddable":true,"href":"https:\/\/rvz-wesermarsch.de\/index.php\/wp-json\/wp\/v2\/users\/2"}],"replies":[{"embeddable":true,"href":"https:\/\/rvz-wesermarsch.de\/index.php\/wp-json\/wp\/v2\/comments?post=962"}],"version-history":[{"count":3,"href":"https:\/\/rvz-wesermarsch.de\/index.php\/wp-json\/wp\/v2\/posts\/962\/revisions"}],"predecessor-version":[{"id":972,"href":"https:\/\/rvz-wesermarsch.de\/index.php\/wp-json\/wp\/v2\/posts\/962\/revisions\/972"}],"wp:featuredmedia":[{"embeddable":true,"href":"https:\/\/rvz-wesermarsch.de\/index.php\/wp-json\/wp\/v2\/media\/582"}],"wp:attachment":[{"href":"https:\/\/rvz-wesermarsch.de\/index.php\/wp-json\/wp\/v2\/media?parent=962"}],"wp:term":[{"taxonomy":"category","embeddable":true,"href":"https:\/\/rvz-wesermarsch.de\/index.php\/wp-json\/wp\/v2\/categories?post=962"},{"taxonomy":"post_tag","embeddable":true,"href":"https:\/\/rvz-wesermarsch.de\/index.php\/wp-json\/wp\/v2\/tags?post=962"}],"curies":[{"name":"wp","href":"https:\/\/api.w.org\/{rel}","templated":true}]}}